{"id":8134,"date":"2021-11-02T11:46:00","date_gmt":"2021-11-02T11:46:00","guid":{"rendered":"https:\/\/officeguide.cz\/radka-novak-jmenovana-mezinarodni-partnerkou-cushman-wakefield\/"},"modified":"2023-03-04T21:52:26","modified_gmt":"2023-03-04T21:52:26","slug":"radka-novak-jmenovana-mezinarodni-partnerkou-cushman-wakefield","status":"publish","type":"post","link":"https:\/\/officeguide.cz\/en\/radka-novak-jmenovana-mezinarodni-partnerkou-cushman-wakefield\/","title":{"rendered":"Radka Novak appointed International Partner"},"content":{"rendered":"\n<p>Radka Novak, head of the CEE office team at Cushman &amp; Wakefield, was appointed International Partner.<\/p>\n\n\n\n<figure class=\"wp-block-image size-full\"><img loading=\"lazy\" decoding=\"async\" width=\"960\" height=\"720\" src=\"https:\/\/officeguide.cz\/wp-content\/uploads\/2022\/06\/radka-novak_pic.jpg\" alt=\"\" class=\"wp-image-5870\" srcset=\"https:\/\/officeguide.cz\/wp-content\/uploads\/2022\/06\/radka-novak_pic.jpg 960w, https:\/\/officeguide.cz\/wp-content\/uploads\/2022\/06\/radka-novak_pic-300x225.jpg 300w, https:\/\/officeguide.cz\/wp-content\/uploads\/2022\/06\/radka-novak_pic-768x576.jpg 768w\" sizes=\"auto, (max-width: 960px) 100vw, 960px\" \/><\/figure>\n\n\n<section id=\"text-block-skinny-block_316c55b1e98ede9dea6917de1ebfd4f6\" data-id=\"text-block-skinny-block_316c55b1e98ede9dea6917de1ebfd4f6\" class=\"width width--narrow section-spacing gt-block text-block-skinny\">\n\t<p><strong>Radka Novak<\/strong> has over 20 years of experience in the real estate sector and belongs to the most highly respected professionals on the Czech market. Radka joined Cushman &amp; Wakefield in 2008 and since then she has successfully managed an office team that leads the market. She provides advisory to key international office occupiers. She also focuses on conceptual solutions of developer projects or on creating effective strategies for the (re)positioning of projects with the aim to increase property value. She likes to utilise the 10 years of experience she acquired with the international developer Skanska.<\/p>\n<p>Her aim in the new role is to unite the quality of provided services and reporting in the CEE office market, to combine experience from individual countries and set up operations and processes for one strong region. Her major focus will be to develop cooperation with joint regional clients, both tenants and property portfolio owners.<\/p>\n<p>Radka likes to spend her spare time with her family in the countryside and surrounded by animals which she is a&nbsp;fancier of. She also enjoys sports: tennis, cycling and yoga.<\/p>\n<\/section>\n\n\n\n<section class=\"contact no-print section-spacing gt-block contact-form-block\">\n\t\t<div class=\"width width--narrow\">\n\t\t\t\t<div class=\"contact__inner\">\n\t\t\t\t\t\t\t<div class=\"contact__content\">\n\t\t\t\t\t<div class=\"persons\" data-equal=\"content\">\n\t\t\t\t\t\t\t\t\t\t\t\t\t\t\t\t\t\t\t\t\t<article class=\"person-form\">\n\t\t\t<figure class=\"person-form__thumbnail\">\n\t\t\t\t\t\t\t<img decoding=\"async\" src=\"https:\/\/officeguide.cz\/wp-content\/uploads\/2022\/06\/2021_radka_whatsnext_web-e1656322232433.png\" alt=\"Radka Novak\" loading=\"lazy\">\n\t\t\t\t\t<\/figure>\n\t\t<div class=\"person-form__content\">\n\t\t<h4 class=\"person-form__title is-ulined\">Radka Novak<\/h4>\n\t\t\t\t\t<div><a href=\"tel:+420&nbsp;602&nbsp;249&nbsp;119\" class=\"contact-link phone\">+420&nbsp;602&nbsp;249&nbsp;119<\/a><\/div>\n\t\t\t\t\t\t\t<div><a href=\"m&#97;&#105;l&#116;&#111;:ra&#100;k&#97;&#46;&#110;&#111;&#118;ak&#64;&#99;u&#115;&#104;w&#97;ke.com\" class=\"contact-link email\">ra&#100;k&#97;&#46;&#110;&#111;vak&#64;&#99;ush&#119;&#97;&#107;e.&#99;&#111;m<\/a><\/div>\n\t\t\t\t\t<\/div>\n<\/article>\t\t\t\t\t\t\t\t\t\t\t\t\t\t\t\t\t\t\t\t\t\t\t\t<\/div>\n\t\t\t\t<\/div>\n\t\t\t\t\t\t<div class=\"contact__form form-wrapper\">\n\t\t\t\t<form method=\"post\" action=\"\/en\/wp-json\/wp\/v2\/posts\/8134\" enctype=\"multipart\/form-data\" class=\"form-contact contactForm\">\n    <input type=\"hidden\" name=\"url\" value=\"https:\/\/officeguide.cz\/en\/wp-json\/wp\/v2\/posts\/8134\" \/>\n\n    <div class=\"inputs\">\n\n        <div class=\"input\">\n            <label for=\"8026_contact_name\">Your full name:<\/label>\n            <input type=\"text\" id=\"8026_contact_name\" name=\"contact_name\" placeholder=\"Type your name here\" data-required=\"1\" \/>\n            <span class=\"errorEmpty\">Your name is required.<\/span>\n        <\/div><!-- \/.input -->\n\n        <div class=\"input last\">\n            <label for=\"8026_contact_email\">Your email address:<\/label>\n            <input type=\"text\" id=\"8026_contact_email\" name=\"contact_email\" placeholder=\"@\" data-format=\"email\" data-required=\"1\" \/>\n            <span class=\"errorEmpty\"> Your email is required.<\/span>\n            <span class=\"errorFormat\"> The email format is invalid.<\/span>\n        <\/div><!-- \/.input -->\n\n        <div class=\"input\">\n            <label for=\"8026_contact_phone\">Your telephone:<\/label>\n            <input type=\"text\" id=\"8026_contact_phone\" name=\"contact_phone\" placeholder=\"+420\" data-format=\"phone\" \/>\n            <span class=\"errorFormat\">The phone has an invalid format<\/span>\n        <\/div><!-- \/.input -->\n\n        <div class=\"input last\">\n            <label for=\"8026_company_name\">Name of your company:\n<\/label>\n            <input type=\"text\" id=\"8026_company_name\" name=\"company_name\" \/>\n        <\/div><!-- \/.input -->\n\n        <span class=\"clear\"><\/span>\n\n        <div class=\"bottom\">\n            <label for=\"8026_gdpr\" class=\"checkbox gdpr\">\n                <input type=\"checkbox\" id=\"8026_gdpr\" name=\"contact_gdpr\" \/>\n                <div>\n                    I&nbsp;consent to the processing of personal data. <a href=\"https:\/\/officeguide.cz\/zasady-ochrany-osobnich-udaju\/\" target=\"_blank\">Read more.<\/a>\n                <\/div>\n            <\/label>\n            <a href=\"#\" class=\"btn btn--arrow sendBtn\">Send<\/a>\n        <\/div>\n\n    <\/div><!-- \/.inputs -->\n    <div class=\"sent hidden\">\n        <figure class=\"iconOk t-a--c\"><svg id=\"Layer_3\" xmlns=\"http:\/\/www.w3.org\/2000\/svg\" viewBox=\"0 0 200 200\"><defs><style>.cls-1{fill:none;stroke:#957a67;stroke-linecap:round;stroke-linejoin:round;stroke-width:17px;}<\/style><\/defs><path class=\"cls-1\" d=\"M181.54,114.66c-6.1,43.62-45.22,75.49-89.72,71.99-46.23-3.64-80.75-44.06-77.12-90.28C18.33,50.14,58.75,15.61,104.98,19.24c12.06,.95,23.32,4.4,33.31,9.8\"\/><polyline class=\"cls-1\" points=\"52.57 91.76 97.77 136.96 190.02 44.7\"\/><\/svg><\/figure>\n        <div class=\"sent__text\"><p>Thank you, your request has been successfully received.<\/p>\n<\/div>\n    <\/div><!-- \/.sent -->\n<\/form>\n<script type=\"text\/javascript\">\n    var formErrorMessage = \"Please make sure you complete the form.\\n\";\n    var gdprError = \"Please agree to the terms of processing of personal data.\";\n    var phoneError = \"The phone number does not have a valid form.\";\n    var emailError = \"The email address does not have a valid form.\";\n<\/script>\t\t\t<\/div>\n\t\t<\/div>\n\t<\/div>\n<\/section>\n","protected":false},"excerpt":{"rendered":"<p>Radka Novak, head of the CEE office team at Cushman &amp; Wakefield, was appointed International Partner.<\/p>\n","protected":false},"author":2,"featured_media":5871,"comment_status":"closed","ping_status":"closed","sticky":false,"template":"","format":"standard","meta":{"_acf_changed":false,"footnotes":""},"categories":[21],"tags":[],"class_list":["post-8134","post","type-post","status-publish","format-standard","has-post-thumbnail","hentry","category-news"],"acf":[],"yoast_head":"<!-- This site is optimized with the Yoast SEO plugin v27.0 - https:\/\/yoast.com\/product\/yoast-seo-wordpress\/ -->\n<title>Radka Novak appointed International Partner - Cushman &amp; Wakefield Office Guide<\/title>\n<meta name=\"robots\" content=\"index, follow, max-snippet:-1, max-image-preview:large, max-video-preview:-1\" \/>\n<link rel=\"canonical\" href=\"https:\/\/officeguide.cz\/en\/radka-novak-jmenovana-mezinarodni-partnerkou-cushman-wakefield\/\" \/>\n<meta property=\"og:locale\" content=\"en_US\" \/>\n<meta property=\"og:type\" content=\"article\" \/>\n<meta property=\"og:title\" content=\"Radka Novak appointed International Partner - Cushman &amp; Wakefield Office Guide\" \/>\n<meta property=\"og:description\" content=\"Radka Novak, head of the CEE office team at Cushman &amp; Wakefield, was appointed International Partner.\" \/>\n<meta property=\"og:url\" content=\"https:\/\/officeguide.cz\/en\/radka-novak-jmenovana-mezinarodni-partnerkou-cushman-wakefield\/\" \/>\n<meta property=\"og:site_name\" content=\"Cushman &amp; Wakefield Office Guide\" \/>\n<meta property=\"article:published_time\" content=\"2021-11-02T11:46:00+00:00\" \/>\n<meta property=\"article:modified_time\" content=\"2023-03-04T21:52:26+00:00\" \/>\n<meta property=\"og:image\" content=\"https:\/\/officeguide.cz\/wp-content\/uploads\/2022\/06\/radka-novak_pic.jpg\" \/>\n\t<meta property=\"og:image:width\" content=\"960\" \/>\n\t<meta property=\"og:image:height\" content=\"720\" \/>\n\t<meta property=\"og:image:type\" content=\"image\/jpeg\" \/>\n<meta name=\"author\" content=\"alena\" \/>\n<meta name=\"twitter:card\" content=\"summary_large_image\" \/>\n<meta name=\"twitter:label1\" content=\"Written by\" \/>\n\t<meta name=\"twitter:data1\" content=\"alena\" \/>\n\t<meta name=\"twitter:label2\" content=\"Est. reading time\" \/>\n\t<meta name=\"twitter:data2\" content=\"1 minute\" \/>\n<script type=\"application\/ld+json\" class=\"yoast-schema-graph\">{\"@context\":\"https:\/\/schema.org\",\"@graph\":[{\"@type\":\"Article\",\"@id\":\"https:\/\/officeguide.cz\/en\/radka-novak-jmenovana-mezinarodni-partnerkou-cushman-wakefield\/#article\",\"isPartOf\":{\"@id\":\"https:\/\/officeguide.cz\/en\/radka-novak-jmenovana-mezinarodni-partnerkou-cushman-wakefield\/\"},\"author\":{\"name\":\"alena\",\"@id\":\"https:\/\/officeguide.cz\/en\/#\/schema\/person\/e2608249b4f0c2242ebcbb4ab5cce90e\"},\"headline\":\"Radka Novak appointed International Partner\",\"datePublished\":\"2021-11-02T11:46:00+00:00\",\"dateModified\":\"2023-03-04T21:52:26+00:00\",\"mainEntityOfPage\":{\"@id\":\"https:\/\/officeguide.cz\/en\/radka-novak-jmenovana-mezinarodni-partnerkou-cushman-wakefield\/\"},\"wordCount\":21,\"publisher\":{\"@id\":\"https:\/\/officeguide.cz\/en\/#organization\"},\"image\":{\"@id\":\"https:\/\/officeguide.cz\/en\/radka-novak-jmenovana-mezinarodni-partnerkou-cushman-wakefield\/#primaryimage\"},\"thumbnailUrl\":\"https:\/\/officeguide.cz\/wp-content\/uploads\/2022\/06\/radka-novak_pic.jpg\",\"articleSection\":[\"News\"],\"inLanguage\":\"en-US\"},{\"@type\":\"WebPage\",\"@id\":\"https:\/\/officeguide.cz\/en\/radka-novak-jmenovana-mezinarodni-partnerkou-cushman-wakefield\/\",\"url\":\"https:\/\/officeguide.cz\/en\/radka-novak-jmenovana-mezinarodni-partnerkou-cushman-wakefield\/\",\"name\":\"Radka Novak appointed International Partner - Cushman &amp; Wakefield Office Guide\",\"isPartOf\":{\"@id\":\"https:\/\/officeguide.cz\/en\/#website\"},\"primaryImageOfPage\":{\"@id\":\"https:\/\/officeguide.cz\/en\/radka-novak-jmenovana-mezinarodni-partnerkou-cushman-wakefield\/#primaryimage\"},\"image\":{\"@id\":\"https:\/\/officeguide.cz\/en\/radka-novak-jmenovana-mezinarodni-partnerkou-cushman-wakefield\/#primaryimage\"},\"thumbnailUrl\":\"https:\/\/officeguide.cz\/wp-content\/uploads\/2022\/06\/radka-novak_pic.jpg\",\"datePublished\":\"2021-11-02T11:46:00+00:00\",\"dateModified\":\"2023-03-04T21:52:26+00:00\",\"breadcrumb\":{\"@id\":\"https:\/\/officeguide.cz\/en\/radka-novak-jmenovana-mezinarodni-partnerkou-cushman-wakefield\/#breadcrumb\"},\"inLanguage\":\"en-US\",\"potentialAction\":[{\"@type\":\"ReadAction\",\"target\":[\"https:\/\/officeguide.cz\/en\/radka-novak-jmenovana-mezinarodni-partnerkou-cushman-wakefield\/\"]}]},{\"@type\":\"ImageObject\",\"inLanguage\":\"en-US\",\"@id\":\"https:\/\/officeguide.cz\/en\/radka-novak-jmenovana-mezinarodni-partnerkou-cushman-wakefield\/#primaryimage\",\"url\":\"https:\/\/officeguide.cz\/wp-content\/uploads\/2022\/06\/radka-novak_pic.jpg\",\"contentUrl\":\"https:\/\/officeguide.cz\/wp-content\/uploads\/2022\/06\/radka-novak_pic.jpg\",\"width\":960,\"height\":720,\"caption\":\"Radka Novak Officeguide.cz\"},{\"@type\":\"BreadcrumbList\",\"@id\":\"https:\/\/officeguide.cz\/en\/radka-novak-jmenovana-mezinarodni-partnerkou-cushman-wakefield\/#breadcrumb\",\"itemListElement\":[{\"@type\":\"ListItem\",\"position\":1,\"name\":\"Dom\u016f\",\"item\":\"https:\/\/officeguide.cz\/en\/\"},{\"@type\":\"ListItem\",\"position\":2,\"name\":\"Radka Novak appointed International Partner\"}]},{\"@type\":\"WebSite\",\"@id\":\"https:\/\/officeguide.cz\/en\/#website\",\"url\":\"https:\/\/officeguide.cz\/en\/\",\"name\":\"Cushman & Wakefield - Office Guide\",\"description\":\"Cushman &amp; Wakefield Office Guide\",\"publisher\":{\"@id\":\"https:\/\/officeguide.cz\/en\/#organization\"},\"alternateName\":\"Pron\u00e1jem kancel\u00e1\u0159\u00ed Praha, Brno, Olomouc, Ostrava\",\"potentialAction\":[{\"@type\":\"SearchAction\",\"target\":{\"@type\":\"EntryPoint\",\"urlTemplate\":\"https:\/\/officeguide.cz\/en\/?s={search_term_string}\"},\"query-input\":{\"@type\":\"PropertyValueSpecification\",\"valueRequired\":true,\"valueName\":\"search_term_string\"}}],\"inLanguage\":\"en-US\"},{\"@type\":\"Organization\",\"@id\":\"https:\/\/officeguide.cz\/en\/#organization\",\"name\":\"Cushman & Wakefield Office Guide\",\"alternateName\":\"C&W\",\"url\":\"https:\/\/officeguide.cz\/en\/\",\"logo\":{\"@type\":\"ImageObject\",\"inLanguage\":\"en-US\",\"@id\":\"https:\/\/officeguide.cz\/en\/#\/schema\/logo\/image\/\",\"url\":\"https:\/\/officeguide.cz\/wp-content\/uploads\/2022\/03\/cw_logo_color.png\",\"contentUrl\":\"https:\/\/officeguide.cz\/wp-content\/uploads\/2022\/03\/cw_logo_color.png\",\"width\":2166,\"height\":739,\"caption\":\"Cushman & Wakefield Office Guide\"},\"image\":{\"@id\":\"https:\/\/officeguide.cz\/en\/#\/schema\/logo\/image\/\"},\"sameAs\":[\"https:\/\/www.linkedin.com\/company\/officeguidecz\"]},{\"@type\":\"Person\",\"@id\":\"https:\/\/officeguide.cz\/en\/#\/schema\/person\/e2608249b4f0c2242ebcbb4ab5cce90e\",\"name\":\"alena\",\"image\":{\"@type\":\"ImageObject\",\"inLanguage\":\"en-US\",\"@id\":\"https:\/\/officeguide.cz\/en\/#\/schema\/person\/image\/\",\"url\":\"https:\/\/secure.gravatar.com\/avatar\/41b64c8e0b6108a29dafbeed6003b023b74f4b16a508b3553a62d6ed7b759026?s=96&d=mm&r=g\",\"contentUrl\":\"https:\/\/secure.gravatar.com\/avatar\/41b64c8e0b6108a29dafbeed6003b023b74f4b16a508b3553a62d6ed7b759026?s=96&d=mm&r=g\",\"caption\":\"alena\"}}]}<\/script>\n<!-- \/ Yoast SEO plugin. -->","yoast_head_json":{"title":"Radka Novak appointed International Partner - Cushman &amp; Wakefield Office Guide","robots":{"index":"index","follow":"follow","max-snippet":"max-snippet:-1","max-image-preview":"max-image-preview:large","max-video-preview":"max-video-preview:-1"},"canonical":"https:\/\/officeguide.cz\/en\/radka-novak-jmenovana-mezinarodni-partnerkou-cushman-wakefield\/","og_locale":"en_US","og_type":"article","og_title":"Radka Novak appointed International Partner - Cushman &amp; Wakefield Office Guide","og_description":"Radka Novak, head of the CEE office team at Cushman &amp; Wakefield, was appointed International Partner.","og_url":"https:\/\/officeguide.cz\/en\/radka-novak-jmenovana-mezinarodni-partnerkou-cushman-wakefield\/","og_site_name":"Cushman &amp; Wakefield Office Guide","article_published_time":"2021-11-02T11:46:00+00:00","article_modified_time":"2023-03-04T21:52:26+00:00","og_image":[{"width":960,"height":720,"url":"https:\/\/officeguide.cz\/wp-content\/uploads\/2022\/06\/radka-novak_pic.jpg","type":"image\/jpeg"}],"author":"alena","twitter_card":"summary_large_image","twitter_misc":{"Written by":"alena","Est. reading time":"1 minute"},"schema":{"@context":"https:\/\/schema.org","@graph":[{"@type":"Article","@id":"https:\/\/officeguide.cz\/en\/radka-novak-jmenovana-mezinarodni-partnerkou-cushman-wakefield\/#article","isPartOf":{"@id":"https:\/\/officeguide.cz\/en\/radka-novak-jmenovana-mezinarodni-partnerkou-cushman-wakefield\/"},"author":{"name":"alena","@id":"https:\/\/officeguide.cz\/en\/#\/schema\/person\/e2608249b4f0c2242ebcbb4ab5cce90e"},"headline":"Radka Novak appointed International Partner","datePublished":"2021-11-02T11:46:00+00:00","dateModified":"2023-03-04T21:52:26+00:00","mainEntityOfPage":{"@id":"https:\/\/officeguide.cz\/en\/radka-novak-jmenovana-mezinarodni-partnerkou-cushman-wakefield\/"},"wordCount":21,"publisher":{"@id":"https:\/\/officeguide.cz\/en\/#organization"},"image":{"@id":"https:\/\/officeguide.cz\/en\/radka-novak-jmenovana-mezinarodni-partnerkou-cushman-wakefield\/#primaryimage"},"thumbnailUrl":"https:\/\/officeguide.cz\/wp-content\/uploads\/2022\/06\/radka-novak_pic.jpg","articleSection":["News"],"inLanguage":"en-US"},{"@type":"WebPage","@id":"https:\/\/officeguide.cz\/en\/radka-novak-jmenovana-mezinarodni-partnerkou-cushman-wakefield\/","url":"https:\/\/officeguide.cz\/en\/radka-novak-jmenovana-mezinarodni-partnerkou-cushman-wakefield\/","name":"Radka Novak appointed International Partner - Cushman &amp; Wakefield Office Guide","isPartOf":{"@id":"https:\/\/officeguide.cz\/en\/#website"},"primaryImageOfPage":{"@id":"https:\/\/officeguide.cz\/en\/radka-novak-jmenovana-mezinarodni-partnerkou-cushman-wakefield\/#primaryimage"},"image":{"@id":"https:\/\/officeguide.cz\/en\/radka-novak-jmenovana-mezinarodni-partnerkou-cushman-wakefield\/#primaryimage"},"thumbnailUrl":"https:\/\/officeguide.cz\/wp-content\/uploads\/2022\/06\/radka-novak_pic.jpg","datePublished":"2021-11-02T11:46:00+00:00","dateModified":"2023-03-04T21:52:26+00:00","breadcrumb":{"@id":"https:\/\/officeguide.cz\/en\/radka-novak-jmenovana-mezinarodni-partnerkou-cushman-wakefield\/#breadcrumb"},"inLanguage":"en-US","potentialAction":[{"@type":"ReadAction","target":["https:\/\/officeguide.cz\/en\/radka-novak-jmenovana-mezinarodni-partnerkou-cushman-wakefield\/"]}]},{"@type":"ImageObject","inLanguage":"en-US","@id":"https:\/\/officeguide.cz\/en\/radka-novak-jmenovana-mezinarodni-partnerkou-cushman-wakefield\/#primaryimage","url":"https:\/\/officeguide.cz\/wp-content\/uploads\/2022\/06\/radka-novak_pic.jpg","contentUrl":"https:\/\/officeguide.cz\/wp-content\/uploads\/2022\/06\/radka-novak_pic.jpg","width":960,"height":720,"caption":"Radka Novak Officeguide.cz"},{"@type":"BreadcrumbList","@id":"https:\/\/officeguide.cz\/en\/radka-novak-jmenovana-mezinarodni-partnerkou-cushman-wakefield\/#breadcrumb","itemListElement":[{"@type":"ListItem","position":1,"name":"Dom\u016f","item":"https:\/\/officeguide.cz\/en\/"},{"@type":"ListItem","position":2,"name":"Radka Novak appointed International Partner"}]},{"@type":"WebSite","@id":"https:\/\/officeguide.cz\/en\/#website","url":"https:\/\/officeguide.cz\/en\/","name":"Cushman & Wakefield - Office Guide","description":"Cushman &amp; Wakefield Office Guide","publisher":{"@id":"https:\/\/officeguide.cz\/en\/#organization"},"alternateName":"Pron\u00e1jem kancel\u00e1\u0159\u00ed Praha, Brno, Olomouc, Ostrava","potentialAction":[{"@type":"SearchAction","target":{"@type":"EntryPoint","urlTemplate":"https:\/\/officeguide.cz\/en\/?s={search_term_string}"},"query-input":{"@type":"PropertyValueSpecification","valueRequired":true,"valueName":"search_term_string"}}],"inLanguage":"en-US"},{"@type":"Organization","@id":"https:\/\/officeguide.cz\/en\/#organization","name":"Cushman & Wakefield Office Guide","alternateName":"C&W","url":"https:\/\/officeguide.cz\/en\/","logo":{"@type":"ImageObject","inLanguage":"en-US","@id":"https:\/\/officeguide.cz\/en\/#\/schema\/logo\/image\/","url":"https:\/\/officeguide.cz\/wp-content\/uploads\/2022\/03\/cw_logo_color.png","contentUrl":"https:\/\/officeguide.cz\/wp-content\/uploads\/2022\/03\/cw_logo_color.png","width":2166,"height":739,"caption":"Cushman & Wakefield Office Guide"},"image":{"@id":"https:\/\/officeguide.cz\/en\/#\/schema\/logo\/image\/"},"sameAs":["https:\/\/www.linkedin.com\/company\/officeguidecz"]},{"@type":"Person","@id":"https:\/\/officeguide.cz\/en\/#\/schema\/person\/e2608249b4f0c2242ebcbb4ab5cce90e","name":"alena","image":{"@type":"ImageObject","inLanguage":"en-US","@id":"https:\/\/officeguide.cz\/en\/#\/schema\/person\/image\/","url":"https:\/\/secure.gravatar.com\/avatar\/41b64c8e0b6108a29dafbeed6003b023b74f4b16a508b3553a62d6ed7b759026?s=96&d=mm&r=g","contentUrl":"https:\/\/secure.gravatar.com\/avatar\/41b64c8e0b6108a29dafbeed6003b023b74f4b16a508b3553a62d6ed7b759026?s=96&d=mm&r=g","caption":"alena"}}]}},"_links":{"self":[{"href":"https:\/\/officeguide.cz\/en\/wp-json\/wp\/v2\/posts\/8134","targetHints":{"allow":["GET"]}}],"collection":[{"href":"https:\/\/officeguide.cz\/en\/wp-json\/wp\/v2\/posts"}],"about":[{"href":"https:\/\/officeguide.cz\/en\/wp-json\/wp\/v2\/types\/post"}],"author":[{"embeddable":true,"href":"https:\/\/officeguide.cz\/en\/wp-json\/wp\/v2\/users\/2"}],"replies":[{"embeddable":true,"href":"https:\/\/officeguide.cz\/en\/wp-json\/wp\/v2\/comments?post=8134"}],"version-history":[{"count":5,"href":"https:\/\/officeguide.cz\/en\/wp-json\/wp\/v2\/posts\/8134\/revisions"}],"predecessor-version":[{"id":9746,"href":"https:\/\/officeguide.cz\/en\/wp-json\/wp\/v2\/posts\/8134\/revisions\/9746"}],"wp:featuredmedia":[{"embeddable":true,"href":"https:\/\/officeguide.cz\/en\/wp-json\/wp\/v2\/media\/5871"}],"wp:attachment":[{"href":"https:\/\/officeguide.cz\/en\/wp-json\/wp\/v2\/media?parent=8134"}],"wp:term":[{"taxonomy":"category","embeddable":true,"href":"https:\/\/officeguide.cz\/en\/wp-json\/wp\/v2\/categories?post=8134"},{"taxonomy":"post_tag","embeddable":true,"href":"https:\/\/officeguide.cz\/en\/wp-json\/wp\/v2\/tags?post=8134"}],"curies":[{"name":"wp","href":"https:\/\/api.w.org\/{rel}","templated":true}]}}